[{"@context":"https:\/\/schema.org\/","@type":"Article","@id":"https:\/\/www.framagro.cz\/co-vlastne-dava-zivotu-smysl\/#Article","mainEntityOfPage":"https:\/\/www.framagro.cz\/co-vlastne-dava-zivotu-smysl\/","headline":"Co vlastn\u011b d\u00e1v\u00e1 \u017eivotu smysl?","name":"Co vlastn\u011b d\u00e1v\u00e1 \u017eivotu smysl?","description":"Tak\u00e9 si \u0159\u00edk\u00e1te, co je\u0161t\u011b m\u016f\u017ee d\u00e1vat \u017eivotu smysl po p\u0159etrp\u011bn\u00e9m klimakteriu? Rozhodn\u011b nen\u00ed ten spr\u00e1vn\u00fd \u010das zoufat, \u010di si jinak negativn\u011b na\u0159\u00edkat. N\u00e1\u0161 \u017eivot si utv\u00e1\u0159\u00edme my sami, a pokud si jej chceme ztrp\u010dovat, nen\u00ed nic snaz\u0161\u00edho ne\u017e podl\u00e9hat negativn\u00edm a teskliv\u00fdm my\u0161lenk\u00e1m. U\u017eijte si naplno sv\u016fj denn\u00ed rytmus i v obdob\u00ed menopauzy! A [&hellip;]","datePublished":"2024-11-24","dateModified":"2024-11-24","author":{"@type":"Person","@id":"https:\/\/www.framagro.cz\/author\/#Person","name":"","url":"https:\/\/www.framagro.cz\/author\/","identifier":1,"image":{"@type":"ImageObject","@id":"https:\/\/secure.gravatar.com\/avatar\/c47baa405891a9bbddd7acd919a692d2b0c5a8f5f5ac49161535688cab5c72a8?s=96&d=mm&r=g","url":"https:\/\/secure.gravatar.com\/avatar\/c47baa405891a9bbddd7acd919a692d2b0c5a8f5f5ac49161535688cab5c72a8?s=96&d=mm&r=g","height":96,"width":96}},"publisher":{"@type":"Organization","name":"framagro.cz","logo":{"@type":"ImageObject","@id":"\/logo.png","url":"\/logo.png","width":600,"height":60}},"url":"https:\/\/www.framagro.cz\/co-vlastne-dava-zivotu-smysl\/","wordCount":172,"articleBody":"Tak\u00e9 si \u0159\u00edk\u00e1te, co je\u0161t\u011b m\u016f\u017ee d\u00e1vat \u017eivotu smysl po p\u0159etrp\u011bn\u00e9m klimakteriu? Rozhodn\u011b nen\u00ed ten spr\u00e1vn\u00fd \u010das zoufat, \u010di si jinak negativn\u011b na\u0159\u00edkat. N\u00e1\u0161 \u017eivot si utv\u00e1\u0159\u00edme my sami, a pokud si jej chceme ztrp\u010dovat, nen\u00ed nic snaz\u0161\u00edho ne\u017e podl\u00e9hat negativn\u00edm a teskliv\u00fdm my\u0161lenk\u00e1m. U\u017eijte si naplno sv\u016fj denn\u00ed rytmus i v obdob\u00ed menopauzy! A jak? No p\u0159eci s Menoxem45! Poj\u010fte se c\u00edtit fajn! Mil\u00e9 pades\u00e1tnice, poj\u010fte se c\u00edtit fajn a v pohod\u011b i v obdob\u00ed menopauzy. Toto obdob\u00ed nen\u00ed proti v\u00e1m, jen si zkr\u00e1tka mus\u00edte proj\u00edt t\u00edmto n\u00e1ro\u010dn\u011bj\u0161\u00edm cyklem, kter\u00fd si utv\u00e1\u0159\u00ed p\u0159\u00edroda sama! Na\u0161t\u011bst\u00ed je zde \u0159ada p\u0159\u00edrodn\u00edch p\u0159\u00edpravk\u016f, kter\u00e9 V\u00e1m mohou od obt\u00ed\u017e\u00ed ulevit a mezi n\u011b pat\u0159\u00ed i Menox45! Pomozte si i bez z\u00e1sahu l\u00e9ka\u0159e \u010di l\u00e9k\u00e1rn\u00edka, garantujeme v\u00e1m 100 % spokojenost                                                                                                                                                                                                                                                                                                                                                                                                "},{"@context":"https:\/\/schema.org\/","@type":"BreadcrumbList","itemListElement":[{"@type":"ListItem","position":1,"name":"Co vlastn\u011b d\u00e1v\u00e1 \u017eivotu smysl?","item":"https:\/\/www.framagro.cz\/co-vlastne-dava-zivotu-smysl\/#breadcrumbitem"}]}]