[{"@context":"https:\/\/schema.org\/","@type":"Article","@id":"https:\/\/www.framagro.cz\/kdyz-se-clovek-uchazi-o-pozici-v-nove-spolecnosti\/#Article","mainEntityOfPage":"https:\/\/www.framagro.cz\/kdyz-se-clovek-uchazi-o-pozici-v-nove-spolecnosti\/","headline":"Kdy\u017e se \u010dlov\u011bk uch\u00e1z\u00ed o pozici v nov\u00e9 spole\u010dnosti&#8230;","name":"Kdy\u017e se \u010dlov\u011bk uch\u00e1z\u00ed o pozici v nov\u00e9 spole\u010dnosti&#8230;","description":"Je zcela b\u011b\u017en\u00e9, \u017ee se ro\u010dn\u011b najde neskute\u010dn\u00e1 spousta lid\u00ed, kte\u0159\u00ed \u017e\u00e1daj\u00ed o pracovn\u00ed m\u00edsto v\u00a0jin\u00e9 firm\u011b, ne\u017e ve kter\u00e9 nyn\u00ed jsou. \u010c\u00edm to je? T\u011bch d\u016fvod\u016f, pro\u010d chce \u010dlov\u011bk odej\u00edt z\u00a0firmy, ve kter\u00e9 nyn\u00ed pracuje, m\u016f\u017ee b\u00fdt spousta. M\u016f\u017ee to b\u00fdt dokonce mnohem v\u00edce d\u016fvod\u016f, ne\u017e v\u00e1s nyn\u00ed napadnou.\u00a0Pokud u\u017e se \u010dlov\u011bk rozhodne pro [&hellip;]","datePublished":"2022-10-02","dateModified":"2023-04-29","author":{"@type":"Person","@id":"https:\/\/www.framagro.cz\/author\/#Person","name":"","url":"https:\/\/www.framagro.cz\/author\/","identifier":1,"image":{"@type":"ImageObject","@id":"https:\/\/secure.gravatar.com\/avatar\/c47baa405891a9bbddd7acd919a692d2b0c5a8f5f5ac49161535688cab5c72a8?s=96&d=mm&r=g","url":"https:\/\/secure.gravatar.com\/avatar\/c47baa405891a9bbddd7acd919a692d2b0c5a8f5f5ac49161535688cab5c72a8?s=96&d=mm&r=g","height":96,"width":96}},"publisher":{"@type":"Organization","name":"framagro.cz","logo":{"@type":"ImageObject","@id":"\/logo.png","url":"\/logo.png","width":600,"height":60}},"image":{"@type":"ImageObject","@id":"https:\/\/www.framagro.cz\/wp-content\/uploads\/cestov_1.JPG","url":"https:\/\/www.framagro.cz\/wp-content\/uploads\/cestov_1.JPG","height":0,"width":0},"url":"https:\/\/www.framagro.cz\/kdyz-se-clovek-uchazi-o-pozici-v-nove-spolecnosti\/","about":["Spole\u010dnost"],"wordCount":459,"articleBody":"Je zcela b\u011b\u017en\u00e9, \u017ee se ro\u010dn\u011b najde neskute\u010dn\u00e1 spousta lid\u00ed, kte\u0159\u00ed \u017e\u00e1daj\u00ed o pracovn\u00ed m\u00edsto v\u00a0jin\u00e9 firm\u011b, ne\u017e ve kter\u00e9 nyn\u00ed jsou. \u010c\u00edm to je? T\u011bch d\u016fvod\u016f, pro\u010d chce \u010dlov\u011bk odej\u00edt z\u00a0firmy, ve kter\u00e9 nyn\u00ed pracuje, m\u016f\u017ee b\u00fdt spousta. M\u016f\u017ee to b\u00fdt dokonce mnohem v\u00edce d\u016fvod\u016f, ne\u017e v\u00e1s nyn\u00ed napadnou.\u00a0Pokud u\u017e se \u010dlov\u011bk rozhodne pro ten krok, \u017ee si uprav\u00ed \u017eivotopis a za\u010dne jej pos\u00edlat po r\u016fzn\u00fdch firm\u00e1ch, je jasn\u00e9, \u017ee bude netrp\u011bliv\u00fd, jestli se mu odn\u011bkud ozvou a zda to bude pr\u00e1v\u011b z\u00a0firmy, kde se to dan\u00e9mu \u010dlov\u011bku nejv\u00edce zamlouvalo.Kdy\u017e se stane, \u017ee u\u017e se kone\u010dn\u011b n\u011bkdo ozve, je jasn\u00e9, \u017ee \u010dlov\u011bk douf\u00e1, \u017ee to dob\u0159e dopadne a \u017ee jej pozvou na pohovor. Ur\u010dit\u011b je dobr\u00e9 po\u010d\u00edtat i s\u00a0t\u00edm, \u017ee v\u00e1m n\u011bkdo zavol\u00e1 nebo nap\u00ed\u0161e, \u017ee zrovna nikoho nenab\u00edraj\u00ed a \u017ee se nem\u00e1te zlobit, ale jist\u011b se v\u00e1m tak\u00e9 ozvou i ti, kte\u0159\u00ed r\u00e1di p\u0159ijmou n\u011bkoho nov\u00e9ho.Jakmile se stane, \u017ee v\u00e1m nab\u00eddnou pohovor, m\u011bli byste na n\u011bj j\u00edt a to i v\u00a0p\u0159\u00edpad\u011b, \u017ee dan\u00e1 firma nen\u00ed tou, do kter\u00e9 byste cht\u011bli 100% j\u00edt. M\u016f\u017ee se klidn\u011b st\u00e1t, \u017ee pr\u00e1v\u011b do t\u00e9to firmy by v\u00e1s vzali a je tak\u00e9 mo\u017en\u00e9, \u017ee to zrovna bude ta jedin\u00e1 firma, do kter\u00e9 v\u00e1s ze v\u0161ech, kam jste psali, vezmou. Bude na v\u00e1s, jestli to p\u0159ijmete a bude v\u00a0dan\u00e9 firm\u011b t\u0159eba dva nebo t\u0159i roky, ne\u017e zkus\u00edte j\u00edt zase n\u011bkam jinam nebo z\u016fstanete je\u0161t\u011b n\u011bjakou dobu tam, kde nyn\u00ed jste.Jsou lid\u00e9, kte\u0159\u00ed nemaj\u00ed probl\u00e9m s\u00a0t\u00edm, \u017ee jsou dva nebo t\u0159i roky v\u00a0jedn\u00e9 firm\u011b a pot\u00e9 se pokus\u00ed dostat do firmy dal\u0161\u00ed. Je pravda, \u017ee \u010dlov\u011bk d\u00edky tomu m\u016f\u017ee z\u00edskat zku\u0161enosti a dozv\u011bd\u011bt se, jak to v\u00a0kter\u00e9 firm\u011b funguje, ale firmy si mohou \u0159\u00edkat, \u010d\u00edm to je, \u017ee dan\u00fd \u010dlov\u011bk nevydr\u017e\u00ed v\u00a0dan\u00e9 firm\u011b v\u00edce ne\u017e dva nebo t\u0159i roky. Pokud to m\u00e1te p\u0159esn\u011b tak, m\u011bli byste se p\u0159ipravit na to, \u017ee se v\u00e1s ur\u010dit\u011b budou pt\u00e1t na pohovoru, jak\u00fd m\u00e1te pro n\u011bco takov\u00e9ho d\u016fvod.I p\u0159esto ale m\u00e1te \u0161anci z\u00edskat m\u00edsto v\u00a0nov\u00e9 firm\u011b. Ka\u017ed\u00fd m\u00e1 \u0161anci, ale z\u00e1le\u017e\u00ed na tom, kdo bude nejv\u00edce vyhovovat dan\u00e9 spole\u010dnosti.                                                                                                                                                                                                                                                                                                                                                                                        3.8\/5 - (5 votes)        "},{"@context":"https:\/\/schema.org\/","@type":"BreadcrumbList","itemListElement":[{"@type":"ListItem","position":1,"name":"Kdy\u017e se \u010dlov\u011bk uch\u00e1z\u00ed o pozici v nov\u00e9 spole\u010dnosti&#8230;","item":"https:\/\/www.framagro.cz\/kdyz-se-clovek-uchazi-o-pozici-v-nove-spolecnosti\/#breadcrumbitem"}]}]