[{"@context":"https:\/\/schema.org\/","@type":"Article","@id":"https:\/\/www.framagro.cz\/moje-deti\/#Article","mainEntityOfPage":"https:\/\/www.framagro.cz\/moje-deti\/","headline":"Moje d\u011bti","name":"Moje d\u011bti","description":"Vzpom\u00edn\u00e1m si, jak jsem potkala sv\u00e9ho p\u0159\u00edtele. Byla to snad\u00a0l\u00e1ska\u00a0na\u00a0prvn\u00ed\u00a0pohled,\u00a0jinak\u00a0si to neum\u00edm vysv\u011btlit, jak jsem se, tak moc rychle zamilovala. A mus\u00edm uznat, \u017ee to byl opravdu velik\u00fd gentleman a tohle m\u011b opravdu hodn\u011b t\u011b\u0161ilo. Za\u010dali jsme spolu chodit, kdy\u017e m\u011b bylo dvacet dva let a je mu dvacet sedm let. A tak jsem si [&hellip;]","datePublished":"2023-02-09","dateModified":"2023-04-29","author":{"@type":"Person","@id":"https:\/\/www.framagro.cz\/author\/#Person","name":"","url":"https:\/\/www.framagro.cz\/author\/","identifier":1,"image":{"@type":"ImageObject","@id":"https:\/\/secure.gravatar.com\/avatar\/c47baa405891a9bbddd7acd919a692d2b0c5a8f5f5ac49161535688cab5c72a8?s=96&d=mm&r=g","url":"https:\/\/secure.gravatar.com\/avatar\/c47baa405891a9bbddd7acd919a692d2b0c5a8f5f5ac49161535688cab5c72a8?s=96&d=mm&r=g","height":96,"width":96}},"publisher":{"@type":"Organization","name":"framagro.cz","logo":{"@type":"ImageObject","@id":"\/logo.png","url":"\/logo.png","width":600,"height":60}},"image":{"@type":"ImageObject","@id":"https:\/\/www.framagro.cz\/wp-content\/uploads\/person-822803_960_720.jpg","url":"https:\/\/www.framagro.cz\/wp-content\/uploads\/person-822803_960_720.jpg","height":0,"width":0},"url":"https:\/\/www.framagro.cz\/moje-deti\/","about":["D\u011bti"],"wordCount":517,"articleBody":"Vzpom\u00edn\u00e1m si, jak jsem potkala sv\u00e9ho p\u0159\u00edtele. Byla to snad\u00a0l\u00e1ska\u00a0na\u00a0prvn\u00ed\u00a0pohled,\u00a0jinak\u00a0si to neum\u00edm vysv\u011btlit, jak jsem se, tak moc rychle zamilovala. A mus\u00edm uznat, \u017ee to byl opravdu velik\u00fd gentleman a tohle m\u011b opravdu hodn\u011b t\u011b\u0161ilo. Za\u010dali jsme spolu chodit, kdy\u017e m\u011b bylo dvacet dva let a je mu dvacet sedm let. A tak jsem si \u0159ekla, \u017ee kdy\u017e u\u017e m\u00e1me takov\u00fd v\u011bk, \u017ee bychom si taky mohli po\u0159\u00eddit rodinu. J\u00e1 jsem v\u017edycky cht\u011bla m\u00edt plno d\u011bt\u00ed. Jenom\u017ee kdy\u017e jsem tohle navrhla sv\u00e9mu p\u0159\u00edteli, tak byl chv\u00edli ticho, potom se na m\u011b pod\u00edval a u\u017e v jeho pohledu mi bylo jasn\u00e9, \u017ee to asi nebude nic dobr\u00e9ho. A taky, \u017ee jsem m\u011bla pravdu, bohu\u017eel. M\u016fj p\u0159\u00edtel mi \u0159ekl, \u017ee o d\u011btech v\u016fbec nep\u0159em\u00fd\u0161lel. Je\u0161t\u011b jsem ho zkou\u0161ela chv\u00edli p\u0159emlouvat a po p\u016fl roce jsem se ho zkusila zeptat zase. A v\u00edte, co mi m\u016fj p\u0159\u00edtel \u0159ekl? \u017de pr\u00fd d\u011bti by necht\u011bl m\u00edt v\u016fbec. Pr\u00fd by ho d\u011bti jenom zdr\u017eovali od jeho\u00a0vysn\u011bn\u00e9\u00a0pr\u00e1ce. A taky bych ho odv\u00e1d\u011bli od dal\u0161\u00ed pr\u00e1ce,\u00a0proto\u017ee\u00a0m\u00e1 dv\u011b\u00a0zam\u011bstn\u00e1n\u00ed. Pr\u00e1ce naprosto miluje. Opravdu jsem nev\u011bd\u011bla, co na tohle m\u00e1m \u0159\u00edct. Jestli je skv\u011bl\u00e9, \u017ee p\u0159\u00edtel m\u00e1 r\u00e1d pr\u00e1ci, v\u00edce ne\u017e d\u011bti. Ale d\u011bti jsme je\u0161t\u011b sice nem\u011bli, ale u\u017e mi to p\u0159i\u0161lo opravdu hodn\u011b divn\u00e9, \u017ee by p\u0159\u00edtel nikdy necht\u011bl m\u00edt d\u011bti. A j\u00e1 po nich tou\u017e\u00edm! Mysl\u00edm si, \u017ee to bylo asi sobeck\u00e9. Zat\u00edmco j\u00e1, kdy\u017e mn\u011b u\u017e bylo dvacet t\u0159i let, tak\u017ee jsem si rodinu p\u0159\u00e1la. P\u0159\u00edtel st\u00e1le \u0159\u00edkal, \u017ee m\u00e1m \u010das, jenom\u017ee j\u00e1 jsem cht\u011bla b\u00fdt takov\u00e1 mlad\u00e1 m\u00e1ma. A opravdu jsem necht\u011bla, bych byla takov\u00e1 ta star\u00e1 m\u00e1ma, \u017ee potom jde do t\u0159\u00eddy s d\u00edt\u011btem, kdy\u017e by mi u\u017e bylo t\u0159eba nap\u0159\u00edklad pades\u00e1t let. A nakonec to dopadlo tak, \u017ee jsem se za dal\u0161\u00ed rok s p\u0159\u00edtelem roze\u0161la a na\u0161la jsem si jin\u00e9ho. A m\u016fj nov\u00fd p\u0159\u00edtel u\u017e m\u011bl dv\u011b d\u011bti, tak\u017ee jsme potom je\u0161t\u011b t\u0159et\u00ed d\u00edt\u011b \u010dekali spolu. Ani nev\u00edte, jak jsem nad\u0161en\u00e1. A m\u00e1m vlastn\u011b t\u0159i d\u011bti, z nich\u017e jen jedno jsem porodila. A v\u0161echny t\u0159i d\u011bti m\u00e1m opravdu hodn\u011b r\u00e1da. Taky si \u0159\u00edk\u00e1m, \u017ee bych je\u0161t\u011b v budoucnu cht\u011bla m\u00edt jedno d\u00edt\u011b, proto\u017ee m\u016fj sen byl v\u017edycky my dva nebo t\u0159i d\u011bti. Tak\u017ee jsem si \u0159ekla, \u017ee chci m\u00edt alespo\u0148 dv\u011b d\u011bti bude to pro m\u011b naprosto ide\u00e1ln\u00ed.\u00a0                                                                                                                                                                                                                                                                                                                                                                                        4.8\/5 - (9 votes)        "},{"@context":"https:\/\/schema.org\/","@type":"BreadcrumbList","itemListElement":[{"@type":"ListItem","position":1,"name":"Moje d\u011bti","item":"https:\/\/www.framagro.cz\/moje-deti\/#breadcrumbitem"}]}]