[{"@context":"https:\/\/schema.org\/","@type":"Article","@id":"https:\/\/www.framagro.cz\/nebojte-se-oblect-si-to-co-podle-vas-vypada-skvele\/#Article","mainEntityOfPage":"https:\/\/www.framagro.cz\/nebojte-se-oblect-si-to-co-podle-vas-vypada-skvele\/","headline":"Nebojte se obl\u00e9ct si to, co podle v\u00e1s vypad\u00e1 skv\u011ble","name":"Nebojte se obl\u00e9ct si to, co podle v\u00e1s vypad\u00e1 skv\u011ble","description":"N\u011bkte\u0159\u00ed lid\u00e9 maj\u00ed ve sv\u00e9m \u0161atn\u00edku mnoho p\u011bkn\u00fdch v\u011bc\u00ed, ale dan\u00e9 v\u011bci nos\u00ed jen minim\u00e1ln\u011b. Pro\u010d? Proto\u017ee se boj\u00ed toho, \u017ee dan\u00e9 v\u011bci nejsou na dne\u0161n\u00ed dobu vhodn\u00e9 a lid\u00e9 by se jim sm\u00e1li. Rozhodn\u011b na n\u011bco takov\u00e9ho neberte ohled, proto\u017ee pokud se pod\u00edv\u00e1te na to, jak se dnes obl\u00e9kaj\u00ed mlad\u00ed lid\u00e9, sami zjist\u00edte, \u017ee [&hellip;]","datePublished":"2022-05-13","dateModified":"2023-04-29","author":{"@type":"Person","@id":"https:\/\/www.framagro.cz\/author\/#Person","name":"","url":"https:\/\/www.framagro.cz\/author\/","identifier":1,"image":{"@type":"ImageObject","@id":"https:\/\/secure.gravatar.com\/avatar\/c47baa405891a9bbddd7acd919a692d2b0c5a8f5f5ac49161535688cab5c72a8?s=96&d=mm&r=g","url":"https:\/\/secure.gravatar.com\/avatar\/c47baa405891a9bbddd7acd919a692d2b0c5a8f5f5ac49161535688cab5c72a8?s=96&d=mm&r=g","height":96,"width":96}},"publisher":{"@type":"Organization","name":"framagro.cz","logo":{"@type":"ImageObject","@id":"\/logo.png","url":"\/logo.png","width":600,"height":60}},"image":{"@type":"ImageObject","@id":"https:\/\/www.framagro.cz\/wp-content\/uploads\/oble%C4%8D_3.JPG","url":"https:\/\/www.framagro.cz\/wp-content\/uploads\/oble%C4%8D_3.JPG","height":0,"width":0},"url":"https:\/\/www.framagro.cz\/nebojte-se-oblect-si-to-co-podle-vas-vypada-skvele\/","about":["M\u00f3da"],"wordCount":458,"articleBody":"N\u011bkte\u0159\u00ed lid\u00e9 maj\u00ed ve sv\u00e9m \u0161atn\u00edku mnoho p\u011bkn\u00fdch v\u011bc\u00ed, ale dan\u00e9 v\u011bci nos\u00ed jen minim\u00e1ln\u011b. Pro\u010d? Proto\u017ee se boj\u00ed toho, \u017ee dan\u00e9 v\u011bci nejsou na dne\u0161n\u00ed dobu vhodn\u00e9 a lid\u00e9 by se jim sm\u00e1li. Rozhodn\u011b na n\u011bco takov\u00e9ho neberte ohled, proto\u017ee pokud se pod\u00edv\u00e1te na to, jak se dnes obl\u00e9kaj\u00ed mlad\u00ed lid\u00e9, sami zjist\u00edte, \u017ee to, co m\u00e1te ve sk\u0159\u00edni, je daleko lep\u0161\u00ed a vhodn\u011bj\u0161\u00ed a to pr\u00e1v\u011b na dne\u0161n\u00ed dobu.Nebojte se m\u00edt na sob\u011b oble\u010den\u00ed, kter\u00e9 se v\u00e1m l\u00edb\u00ed a pokud se nav\u00edc hod\u00ed mezi lidi, rozhodn\u011b se nem\u00e1te \u010deho ob\u00e1vat. Je nav\u00edc mo\u017en\u00e9, \u017ee se bude va\u0161e oble\u010den\u00ed mnoh\u00fdm lidem velice l\u00edbit. Pokud nap\u0159\u00edklad uvid\u00edte, \u017ee se na v\u00e1s n\u011bkdo usm\u00e1l, rozhodn\u011b to nebude z\u00a0toho d\u016fvodu, \u017ee byste na sob\u011b m\u011bli n\u011bco, co nevypad\u00e1 dob\u0159e.Pokud byste v\u00a0obli\u010deji ciz\u00edho \u010dlov\u011bka vid\u011bli n\u011bco jin\u00e9ho, ne\u017e \u00fasm\u011bv, ale vid\u011bli byste zde nap\u0159\u00edklad zd\u011b\u0161en\u00ed, pak budete v\u011bd\u011bt, \u017ee na sob\u011b nem\u00e1te n\u011bco, co by bylo vhodn\u00e9. Se zd\u011b\u0161en\u00fdm v\u00fdrazem se pr\u00e1v\u011b dnes mnoho lid\u00ed d\u00edv\u00e1 zejm\u00e9na na mlad\u00e9 lidi, jeliko\u017e ti v\u00a0posledn\u00ed dob\u011b nos\u00ed takov\u00e9 oble\u010den\u00ed, kter\u00e9 rozhodn\u011b nevypad\u00e1 dob\u0159e.Nem\u011bjte strach z\u00a0toho, \u017ee by se va\u0161emu oble\u010den\u00ed n\u011bkdo sm\u00e1l. Jist\u011b m\u00e1te ve sv\u00e9 \u0161atn\u00ed sk\u0159\u00edni jen to, co pova\u017eujete za dobr\u00e9 a vhodn\u00e9. Jen m\u00e1lokdo by m\u011bl ve sv\u00e9 sk\u0159\u00edni n\u011bco, co nepova\u017euje za vhodn\u00e9 n\u011bkam nosit. Takov\u00e9 oble\u010den\u00ed mnohdy \u010dlov\u011bk v\u016fbec nekupuje, nebo jej p\u0159\u00edpadn\u011b vyhod\u00ed, pokud by se mu ji\u017e nel\u00edbilo.Nebojte se obl\u00e9ct si v\u00a0dan\u00fd den to, na co m\u00e1te zrovna n\u00e1ladu. \u010clov\u011bk nemus\u00ed m\u00edt z\u00a0ni\u010deho \u017e\u00e1dn\u00e9 obavy a to je\u0161t\u011b nav\u00edc, pokud m\u00e1 k\u00a0dan\u00e9mu oble\u010den\u00ed co sladit.\u00a0Ka\u017ed\u00fd \u010dlov\u011bk si v\u017edy um\u011bl n\u011bjak poradit a jist\u011b si budete um\u011bt poradit i vy a to i v\u00a0p\u0159\u00edpad\u011b, \u017ee k\u00a0n\u011b\u010demu takov\u00e9mu nebudete m\u00edt co sladit. Mnohdy sta\u010d\u00ed jen zaj\u00edt do obchodu a v\u0161e pot\u0159ebn\u00e9 sehnat.\u00a0Nem\u011bjte takov\u00fd strach. \u010clov\u011bk m\u016f\u017ee v\u0161e sehnat s\u00a0naprost\u00fdm klidem a to dokonce i jen v\u00a0jednom obchod\u011b. Je ale pot\u0159eba vybrat si takov\u00fd obchod, kde se to, co pot\u0159ebujete, d\u00e1 sehnat.                                                                                                                                                                                                                                                                                                                                                                                        4.6\/5 - (7 votes)        "},{"@context":"https:\/\/schema.org\/","@type":"BreadcrumbList","itemListElement":[{"@type":"ListItem","position":1,"name":"Nebojte se obl\u00e9ct si to, co podle v\u00e1s vypad\u00e1 skv\u011ble","item":"https:\/\/www.framagro.cz\/nebojte-se-oblect-si-to-co-podle-vas-vypada-skvele\/#breadcrumbitem"}]}]