[{"@context":"https:\/\/schema.org\/","@type":"Article","@id":"https:\/\/www.framagro.cz\/sesty-smysl-u-zen\/#Article","mainEntityOfPage":"https:\/\/www.framagro.cz\/sesty-smysl-u-zen\/","headline":"\u0160est\u00fd smysl u \u017een","name":"\u0160est\u00fd smysl u \u017een","description":"Ur\u010dit\u011b u\u017e jste n\u011bkdy za\u017eili pocit, kter\u00fd v\u00e1m neodbytn\u011b na\u0161ept\u00e1val, \u017ee pokud n\u011bco ud\u011bl\u00e1te ur\u010dit\u011b to nedopadne dob\u0159e, nebo jste v\u00a0ur\u010ditou chv\u00edli s\u00a0jistotou v\u011bd\u011bli, \u017ee se zrovna p\u0159ihodilo n\u011bco zl\u00e9ho. V\u0161eobecn\u011b se tento pocit ozna\u010duje slovem intuice, co\u017e v\u00e1s jist\u011b nep\u0159ekvap\u00ed, proto\u017ee se jedn\u00e1 o \u010dasto sklo\u0148ovan\u00e9 a pou\u017e\u00edvan\u00e9 slovo. Pravdou je, \u017ee pr\u00e1v\u011b intuice [&hellip;]","datePublished":"2019-10-02","dateModified":"2023-04-29","author":{"@type":"Person","@id":"https:\/\/www.framagro.cz\/author\/#Person","name":"","url":"https:\/\/www.framagro.cz\/author\/","identifier":1,"image":{"@type":"ImageObject","@id":"https:\/\/secure.gravatar.com\/avatar\/c47baa405891a9bbddd7acd919a692d2b0c5a8f5f5ac49161535688cab5c72a8?s=96&d=mm&r=g","url":"https:\/\/secure.gravatar.com\/avatar\/c47baa405891a9bbddd7acd919a692d2b0c5a8f5f5ac49161535688cab5c72a8?s=96&d=mm&r=g","height":96,"width":96}},"publisher":{"@type":"Organization","name":"framagro.cz","logo":{"@type":"ImageObject","@id":"\/logo.png","url":"\/logo.png","width":600,"height":60}},"image":{"@type":"ImageObject","@id":"https:\/\/www.framagro.cz\/wp-content\/uploads\/img_a356295_w3907_t1570948093.jpg","url":"https:\/\/www.framagro.cz\/wp-content\/uploads\/img_a356295_w3907_t1570948093.jpg","height":0,"width":0},"url":"https:\/\/www.framagro.cz\/sesty-smysl-u-zen\/","about":["V\u011bda"],"wordCount":520,"articleBody":"Ur\u010dit\u011b u\u017e jste n\u011bkdy za\u017eili pocit, kter\u00fd v\u00e1m neodbytn\u011b na\u0161ept\u00e1val, \u017ee pokud n\u011bco ud\u011bl\u00e1te ur\u010dit\u011b to nedopadne dob\u0159e, nebo jste v\u00a0ur\u010ditou chv\u00edli s\u00a0jistotou v\u011bd\u011bli, \u017ee se zrovna p\u0159ihodilo n\u011bco zl\u00e9ho. V\u0161eobecn\u011b se tento pocit ozna\u010duje slovem intuice, co\u017e v\u00e1s jist\u011b nep\u0159ekvap\u00ed, proto\u017ee se jedn\u00e1 o \u010dasto sklo\u0148ovan\u00e9 a pou\u017e\u00edvan\u00e9 slovo. Pravdou je, \u017ee pr\u00e1v\u011b intuice se pova\u017euje za v\u00fdhradn\u00ed vlastnost n\u011b\u017en\u00e9ho pohlav\u00ed. D\u00e1 se tak vlastn\u011b ozna\u010dit za skrytou zbra\u0148, kterou maj\u00ed \u017eeny schovanou v\u00a0ruk\u00e1vu. Pro\u010d tomu\u00a0 tak je?\tJist\u011b se v\u00e1m alespo\u0148 jednou v\u00a0\u017eivot\u011b na mysl vloudila ot\u00e1zka, \u017ee mu\u017ei a \u017eeny se n\u011bkdy opravdu jev\u00ed, jako ka\u017ed\u00fd z\u00a0jin\u00e9 planety. Sice se v\u00a0podstat\u011b v\u011bci jedn\u00e1 o nesmysl, ale fakt, kter\u00fd dokazuje, \u017ee slo\u017een\u00ed mozku \u017eeny a mu\u017ee je rozd\u00edln\u00e9, je dosta\u010duj\u00edc\u00ed. Mozky obou pohlav\u00ed se nepatrn\u011b li\u0161\u00ed ve velikosti, p\u0159i\u010dem\u017e ten mu\u017esk\u00fd je o kap\u00e1nek v\u011bt\u0161\u00ed (ov\u0161em mu\u017ei neradujte se, i kdy\u017e je tento fakt v\u011bdecky podlo\u017een, nen\u00ed zde \u0159e\u010deno, \u017ee jste automaticky i t\u00edm chyt\u0159ej\u0161\u00edm pohlav\u00edm), v\u00a0uspo\u0159\u00e1d\u00e1n\u00ed \u0161ed\u00e9 a b\u00edl\u00e9 hmoty, a tak\u00e9 ve vyu\u017e\u00edv\u00e1n\u00ed mozkov\u00fdch stran.\t\tObecn\u011b se uv\u00e1d\u00ed, \u017ee kdy\u017e p\u0159em\u00fd\u0161l\u00ed \u017eena, vyu\u017e\u00edv\u00e1 sp\u00ed\u0161e pravou stranu mozku, kter\u00e1 m\u00e1 na sv\u011bdom\u00ed emoce, co\u017e je tak\u00e9 d\u016fvodem, pro\u010d se \u017eeny dok\u00e1\u017e\u00ed mnohem l\u00e9pe vc\u00edtit do emoc\u00ed druh\u00fdch osob, l\u00e9pe rozeznat \u0159e\u010d t\u011bla a t\u00f3n \u0159e\u010di, kter\u00fd \u010dasto prozrazuje mnoho, a tak\u00e9 d\u00e1vaj\u00ed p\u0159ednost sv\u00fdm pocit\u016fm a intuici p\u0159i rozhodov\u00e1n\u00ed se v\u00a0nejr\u016fzn\u011bj\u0161\u00edch situac\u00edch. Netvrd\u00edm ov\u0161em, \u017ee mu\u017e\u016fm je tato schopnost p\u0159edpov\u00eddat odep\u0159ena \u00fapln\u011b. Tak tomu nen\u00ed. Probl\u00e9m je v\u00a0tom, \u017ee mu\u017ei sv\u00e9 pocity p\u0159esunou do pozad\u00ed a d\u00e1vaj\u00ed rad\u011bji p\u0159ednost logick\u00e9mu a racion\u00e1ln\u00edmu \u0159e\u0161en\u00ed.\tNejsiln\u011bji se tato schopnost projevuje u matek a dcer, kter\u00e9 jsou mezi sebou ji\u017e od narozen\u00ed propojen\u00e9. Dal\u0161\u00edm d\u016fvodem je to, \u017ee ji\u017e od samotn\u00e9ho narozen\u00ed se matka o d\u00edt\u011b strachuje a mus\u00ed se tak nau\u010dit p\u0159edv\u00eddat situace, kter\u00e9 by mohly nastat a p\u0159\u00edpadn\u011b jim zabr\u00e1nit, \u010d\u00edm\u017e svou intuici neust\u00e1le procvi\u010duj\u00ed a zdokonaluj\u00ed. S\u00a0naprostou jistotou tak poznaj\u00ed, \u017ee s\u00a0potomkem nen\u00ed n\u011bco v\u00a0po\u0159\u00e1dku, i kdy\u017e si toho t\u0159eba nikdo jin\u00fd je\u0161t\u011b nev\u0161iml.\tN\u011bkter\u00e9 \u017eeny maj\u00ed ale probl\u00e9m opa\u010dn\u00fd, a to ten, \u017ee to se svou empati\u00ed, emocemi a zm\u011bnami n\u00e1lad p\u0159eh\u00e1n\u011bj\u00ed a\u017e moc. Vhodn\u00e9 proto je naj\u00edt si jak se \u0159\u00edk\u00e1 zlatou st\u0159edn\u00ed cestu mezi srdcem, kter\u00e9 \u010dasto p\u0159edstavuje pr\u00e1v\u011b ji\u017e n\u011bkolikr\u00e1t zmi\u0148ovanou intuici, a mozkem.                                                                                                                                                                                                                                                                                                                                                                                        4\/5 - (9 votes)        "},{"@context":"https:\/\/schema.org\/","@type":"BreadcrumbList","itemListElement":[{"@type":"ListItem","position":1,"name":"\u0160est\u00fd smysl u \u017een","item":"https:\/\/www.framagro.cz\/sesty-smysl-u-zen\/#breadcrumbitem"}]}]