[{"@context":"https:\/\/schema.org\/","@type":"Article","@id":"https:\/\/www.framagro.cz\/udelejte-si-bylinkovou-spiralu\/#Article","mainEntityOfPage":"https:\/\/www.framagro.cz\/udelejte-si-bylinkovou-spiralu\/","headline":"Ud\u011blejte si bylinkovou spir\u00e1lu","name":"Ud\u011blejte si bylinkovou spir\u00e1lu","description":"Ka\u017ed\u00fd, kdo m\u00e1 mo\u017enost, by m\u011bl na sv\u00e9 zahrad\u011b p\u011bstovat alespo\u0148 p\u00e1r z\u00e1kladn\u00edch bylinek. Vyu\u017eijete je nejen do va\u0159en\u00ed, ale mohou v\u00e1m pomoci v\u00a0p\u0159\u00edpad\u011b drobn\u00fdch zdravotn\u00edch pot\u00ed\u017e\u00edch. Jestli vlastn\u00edte pouze malou zahr\u00e1dku a nem\u00e1te m\u00edsta na zbyt, \u0159e\u0161en\u00edm pro v\u00e1s bude, vytvo\u0159en\u00ed bylinkov\u00e9 spir\u00e1ly. Mimo u\u017eite\u010dn\u00e9ho aspektu se stane zaj\u00edmav\u00fdm dopl\u0148kem zahrady. Mnoho bylinek se [&hellip;]","datePublished":"2019-10-05","dateModified":"2023-04-29","author":{"@type":"Person","@id":"https:\/\/www.framagro.cz\/author\/#Person","name":"","url":"https:\/\/www.framagro.cz\/author\/","identifier":1,"image":{"@type":"ImageObject","@id":"https:\/\/secure.gravatar.com\/avatar\/c47baa405891a9bbddd7acd919a692d2b0c5a8f5f5ac49161535688cab5c72a8?s=96&d=mm&r=g","url":"https:\/\/secure.gravatar.com\/avatar\/c47baa405891a9bbddd7acd919a692d2b0c5a8f5f5ac49161535688cab5c72a8?s=96&d=mm&r=g","height":96,"width":96}},"publisher":{"@type":"Organization","name":"framagro.cz","logo":{"@type":"ImageObject","@id":"\/logo.png","url":"\/logo.png","width":600,"height":60}},"image":{"@type":"ImageObject","@id":"https:\/\/www.framagro.cz\/wp-content\/uploads\/img_a357632_w3907_t1572121501.jpg","url":"https:\/\/www.framagro.cz\/wp-content\/uploads\/img_a357632_w3907_t1572121501.jpg","height":0,"width":0},"url":"https:\/\/www.framagro.cz\/udelejte-si-bylinkovou-spiralu\/","about":["Zahrada a d\u016fm"],"wordCount":429,"articleBody":"Ka\u017ed\u00fd, kdo m\u00e1 mo\u017enost, by m\u011bl na sv\u00e9 zahrad\u011b p\u011bstovat alespo\u0148 p\u00e1r z\u00e1kladn\u00edch bylinek. Vyu\u017eijete je nejen do va\u0159en\u00ed, ale mohou v\u00e1m pomoci v\u00a0p\u0159\u00edpad\u011b drobn\u00fdch zdravotn\u00edch pot\u00ed\u017e\u00edch. Jestli vlastn\u00edte pouze malou zahr\u00e1dku a nem\u00e1te m\u00edsta na zbyt, \u0159e\u0161en\u00edm pro v\u00e1s bude, vytvo\u0159en\u00ed bylinkov\u00e9 spir\u00e1ly. Mimo u\u017eite\u010dn\u00e9ho aspektu se stane zaj\u00edmav\u00fdm dopl\u0148kem zahrady. Mnoho bylinek se spokoj\u00ed s\u00a0mal\u00fdm prostorem a skromn\u011bj\u0161\u00edmi podm\u00ednkami. Ani po finan\u010dn\u00ed str\u00e1nce v\u00e1s stavba bylinkov\u00e9 spir\u00e1ly nezruinuje, jako stavebn\u00ed prvek v\u00e1m posta\u010d\u00ed kameny.V\u00fdhodou je, \u017ee p\u0159i stavb\u011b spir\u00e1ly m\u016f\u017eete regulovat v\u00fd\u0161ku, slo\u017een\u00ed p\u016fdy i rozvrstven\u00ed sv\u011btla. Ji\u017en\u00ed stranu vyu\u017eijete pro teplomiln\u00e9 byliny, na sever naopak um\u00edst\u00edte ty, kter\u00e9 si porad\u00ed s\u00a0nedostatkem slunce. Mezi bylinky, kter\u00e9 by v\u00e1m ve spir\u00e1le nem\u011bly chyb\u011bt, pat\u0159\u00ed ur\u010dit\u011b saturejka. Tuto bylinku vyu\u017eijete nejen v kuchyni, ale zklidn\u00ed v\u00e1m st\u0159eva a \u017ealudek. Podporuje chu\u0165 k\u00a0j\u00eddlu, p\u0159\u00edzniv\u011b p\u016fsob\u00ed p\u0159i z\u00e1n\u011btu d\u00fdchac\u00edch cest a srde\u010dn\u00ed neur\u00f3ze. Um\u00edst\u011bte ji na ji\u017en\u00ed stranu spir\u00e1ly, m\u00e1 toti\u017e r\u00e1da tepl\u00e9 a slune\u010dn\u00e9 m\u00edsto. Ur\u010dit\u011b nezapome\u0148te zasadit m\u00e1tu.Pom\u016f\u017ee v\u00e1m p\u0159i \u017ealude\u010dn\u00edch pot\u00ed\u017e\u00edch, p\u0159i \u0161patn\u00e9m tr\u00e1ven\u00ed a nevolnosti. Jej\u00ed l\u00edstky nav\u00edc m\u016f\u017eete pou\u017e\u00edt ke zdoben\u00ed mou\u010dn\u00edk\u016f a jako dochucovadlo do dom\u00e1c\u00edch limon\u00e1d. Mate\u0159\u00eddou\u0161ka by tak\u00e9 nem\u011bla b\u00fdt opomenuta. Bylinka v\u00e1s pot\u011b\u0161\u00ed nejen p\u0159\u00edjemnou v\u016fn\u00ed, ale tak\u00e9 drobn\u00fdmi n\u011b\u017en\u00fdmi kv\u00edtky. P\u0159\u00ednosn\u00e1 je p\u0159i ka\u0161li a zahlen\u011bn\u00ed, p\u0159i depres\u00edch a migr\u00e9n\u00e1ch. Ani medu\u0148ka by nem\u011bla chyb\u011bt mezi z\u00e1kladn\u00edmi bylinkami. Na p\u011bstov\u00e1n\u00ed je naprosto nen\u00e1ro\u010dn\u00e1. Snese i zast\u00edn\u011bnou stranu bylinkov\u00e9 spir\u00e1ly. Je vhodn\u00e1 p\u0159i nespavosti a p\u0159i bolestech \u017ealudku zp\u016fsoben\u00fdch stresem. Rozmar\u00fdna v\u00e1m sb\u00edrku bylinek tak\u00e9 vhodn\u011b dopln\u00ed. Snese pln\u00e9 slunce a pou\u017e\u00edt ji m\u016f\u017eete k\u00a0va\u0159en\u00ed nebo jako \u010daj p\u0159i nechutenstv\u00ed, \u00fanav\u011b a vy\u010derpanosti. Vyb\u00edrejte, ale mrazuvzdorn\u00e9 kultivary. Na mr\u00e1z je pom\u011brn\u011b citliv\u00e1. Na zimu ji dop\u0159ejte kryt z\u00a0netkan\u00e9 textilie                                                                                                                                                                                                                                                                                                                                                                                        4.2\/5 - (6 votes)        "},{"@context":"https:\/\/schema.org\/","@type":"BreadcrumbList","itemListElement":[{"@type":"ListItem","position":1,"name":"Ud\u011blejte si bylinkovou spir\u00e1lu","item":"https:\/\/www.framagro.cz\/udelejte-si-bylinkovou-spiralu\/#breadcrumbitem"}]}]